{"id":109,"date":"2007-04-02T21:48:41","date_gmt":"2007-04-02T19:48:41","guid":{"rendered":"http:\/\/www.enezeta.com\/zapateces\/?p=109"},"modified":"2007-04-11T23:02:03","modified_gmt":"2007-04-11T21:02:03","slug":"emi-vendera-por-itunes-todo-su-catalogo-sin-proteccion","status":"publish","type":"post","link":"https:\/\/www.enezeta.com\/zapateces\/2007\/emi-vendera-por-itunes-todo-su-catalogo-sin-proteccion\/","title":{"rendered":"EMI vender\u00e1 por iTunes todo su cat\u00e1logo sin protecci\u00f3n"},"content":{"rendered":"<p>Desde el diario <a href=\"http:\/\/www.elpais.com\/articulo\/internet\/EMI\/vendera\/musica\/protecciones\/anticopia\/iTunes\/elpeputec\/20070402elpepunet_3\/Tes\">El Pa\u00eds<\/a> y v\u00eda <a href=\"http:\/\/meneame.net\/story\/emi-acuerda-vender-itunes-todo-catalogo-musica-digital-sin-proteccion-contra-copia\">Men\u00e9ame<\/a> nos llega la confirmaci\u00f3n de la noticia que <a href=\"http:\/\/www.enezeta.com\/zapateces\/?p=97\">os ofrec\u00edamos semanas atr\u00e1s<\/a>. <\/p>\n<p>De todos modos no es oro todo lo que reluce.  La libertad se pagar\u00e1.  \u00a1Y vaya si se pagar\u00e1!  Nada menos que <!--more-->un 30% m\u00e1s cara que un archivo protegido.  Si extrapolamos el precio a euros mediante la est\u00fapida pol\u00edtica de 1 d\u00f3lar = 1 euro, tendremos que las canciones libres valdr\u00e1n 1,30\u20ac o lo que es lo mismo, 217 de nuestras queridas y a\u00f1oradas pesetas.  El \u00e1lbum completo, eso s\u00ed, mantiene su precio ya sea protegido o no, 9,99$.  Los archivos desprotegidos contar\u00e1n tambi\u00e9n con mayor calidad.<\/p>\n<p>El paso que da EMI puede ser considerado como el \u00faltimo coletazo antes de irse a la quiebra.  Un intento de jugarse el todo por el todo a ver si suena la flauta.  Las dem\u00e1s multinacionales seguro que estar\u00e1n ojo av\u00edzor a ver c\u00f3mo se desenvuelve el nuevo producto.  De tener \u00e9xito la iniciativa supondr\u00eda un punto de inflexi\u00f3n importante en la pol\u00edtica de protecci\u00f3n de contenidos digitales, y qui\u00e9n sabe si ser\u00eda el principio del fin de un vetusto modelo de negocio que arrastramos desde hace m\u00e1s de un siglo.<\/p>\n","protected":false},"excerpt":{"rendered":"<p>Desde el diario El Pa\u00eds y v\u00eda Men\u00e9ame nos llega la confirmaci\u00f3n de la noticia que os ofrec\u00edamos semanas atr\u00e1s. De todos modos no es oro todo lo que reluce. La libertad se pagar\u00e1. \u00a1Y vaya si se pagar\u00e1! Nada menos que<\/p>\n","protected":false},"author":2,"featured_media":0,"comment_status":"open","ping_status":"open","sticky":false,"template":"","format":"standard","meta":[],"categories":[11,2,4],"tags":[],"_links":{"self":[{"href":"https:\/\/www.enezeta.com\/zapateces\/wp-json\/wp\/v2\/posts\/109"}],"collection":[{"href":"https:\/\/www.enezeta.com\/zapateces\/wp-json\/wp\/v2\/posts"}],"about":[{"href":"https:\/\/www.enezeta.com\/zapateces\/wp-json\/wp\/v2\/types\/post"}],"author":[{"embeddable":true,"href":"https:\/\/www.enezeta.com\/zapateces\/wp-json\/wp\/v2\/users\/2"}],"replies":[{"embeddable":true,"href":"https:\/\/www.enezeta.com\/zapateces\/wp-json\/wp\/v2\/comments?post=109"}],"version-history":[{"count":0,"href":"https:\/\/www.enezeta.com\/zapateces\/wp-json\/wp\/v2\/posts\/109\/revisions"}],"wp:attachment":[{"href":"https:\/\/www.enezeta.com\/zapateces\/wp-json\/wp\/v2\/media?parent=109"}],"wp:term":[{"taxonomy":"category","embeddable":true,"href":"https:\/\/www.enezeta.com\/zapateces\/wp-json\/wp\/v2\/categories?post=109"},{"taxonomy":"post_tag","embeddable":true,"href":"https:\/\/www.enezeta.com\/zapateces\/wp-json\/wp\/v2\/tags?post=109"}],"curies":[{"name":"wp","href":"https:\/\/api.w.org\/{rel}","templated":true}]}}