{"id":3256,"date":"2016-09-27T16:30:23","date_gmt":"2016-09-27T14:30:23","guid":{"rendered":"http:\/\/www.enezeta.com\/zapateces\/?p=3256"},"modified":"2016-09-28T09:10:02","modified_gmt":"2016-09-28T07:10:02","slug":"7-signos-que-indican-la-posible-vuelta-de-los-x-men-a-marvel-o-algo-parecido","status":"publish","type":"post","link":"https:\/\/www.enezeta.com\/zapateces\/2016\/7-signos-que-indican-la-posible-vuelta-de-los-x-men-a-marvel-o-algo-parecido\/","title":{"rendered":"7 Signos que Indican la Posible Vuelta de los X-Men a Marvel (o algo parecido)"},"content":{"rendered":"<p>Amigos comiqueros.\u00a0 Hoy es un d\u00eda en el que me siento plet\u00f3rico de fuerzas para especular; eso que tanto nos gusta con los tel\u00e9fonos.\u00a0 Pero es que ayer me pas\u00f3 algo&#8230; vi el Blu-Ray de <strong><em>X-Men: Apocalypse<\/em><\/strong>.\u00a0 Una peli que a\u00fan no hab\u00eda visto porque las referencias que me llegaban <strong>no eran muy buenas<\/strong>.\u00a0 Y despu\u00e9s de verla emple\u00e9 la razonable cantidad de tiempo de 3 segundos para llegar a una conclusi\u00f3n.\u00a0 <strong>Es mala<\/strong>.\u00a0 No solo eso sino que es chunga de narices.\u00a0 Vamos, que es un tru\u00f1o como un pu\u00f1o.\u00a0 Un \u00f1ordo de caracter\u00edsticas considerables y que amenaza con convertirse en una pesadilla marr\u00f3n para Fox si siguen ese camino.<\/p>\n<p>A ra\u00edz de ello me puse a investigar y ver mis notas de antiguos art\u00edculos y me di cuenta de que algo estaba pasando bajo nuestras narices sin que nos di\u00e9ramos cuenta.\u00a0 Es verdad, <strong>hay que leer entre l\u00edneas<\/strong>.\u00a0 Y cuando haces eso es muy posible que te equivoques.\u00a0 Pero los hechos siguen siendo hechos.\u00a0 He aqu\u00ed 7 hechos que puestos uno junto al otro pueden mostrar la imagen de un puzzle que ojal\u00e1 sea real.\u00a0 Vamos con ello.<\/p>\n<h3>1. X-Men: Apocalypse es una &#8216;decepci\u00f3n&#8217;<\/h3>\n<p>Volvamos a ser pol\u00edticamente correctos.\u00a0 Ya no solo es que lo diga yo.\u00a0 Solo hay que mirar las cr\u00edticas que cosecha.\u00a0 En Rotten Tomatoes <a href=\"https:\/\/www.rottentomatoes.com\/franchise\/x_men\/\" target=\"_blank\">est\u00e1 de momento en pen\u00faltima posici\u00f3n<\/a> respecto al resto de pel\u00edculas de la franquicia.\u00a0 <strong>Solo la supera la infumable <em>X-Men Origins: Wolverine<\/em><\/strong>, de la que por suerte tuvieron la verg\u00fcenza de hacer solo la primera y la \u00faltima de este spin-off.\u00a0 El box-office tampoco es que haya sido un chollo sobre todo teniendo en cuenta que se ten\u00eda como referencia <em>X-Men: Days of Future Past<\/em>.<\/p>\n<blockquote class=\"twitter-tweet\" data-lang=\"en\">\n<p dir=\"ltr\" lang=\"en\">&#8216;X-Men: Apocalypse&#8217; won the Memorial Day weekend box office, raking in an estimated $80M <a href=\"https:\/\/t.co\/btQsqy70uM\">https:\/\/t.co\/btQsqy70uM<\/a> <a href=\"https:\/\/t.co\/nm5V09ByTP\">pic.twitter.com\/nm5V09ByTP<\/a><\/p>\n<p>\u2014 Forbes (@Forbes) <a href=\"https:\/\/twitter.com\/Forbes\/status\/737810900216893440\">June 1, 2016<\/a><\/p><\/blockquote>\n<p><script src=\"\/\/platform.twitter.com\/widgets.js\" async=\"\" charset=\"utf-8\"><\/script><\/p>\n<p>No juzgo el hecho de que <strong>se necesitara una renovaci\u00f3n<\/strong>.\u00a0 Esta tuvo lugar con <em>First Class<\/em>, y se acab\u00f3 de asentar la transici\u00f3n con <em>Days of Future Past.<\/em> Se supon\u00eda que ten\u00eda que ser el trampol\u00edn definitivo para una rejuvenecida patrulla, a manos del hombre que hab\u00eda hecho triunfar la franquicia, Bryan Singer.\u00a0 Pero en vez de eso <strong>hemos vuelto a ver al Singer-Moj\u00f3n<\/strong>.\u00a0 Al de <em>Superman Returns<\/em> donde todo pasa a c\u00e1mara lenta, el malo es aburrido hasta morir y salvo Fassbender y Lawrence los dem\u00e1s parecen reci\u00e9n salidos de la escuela de arte dram\u00e1tico.\u00a0 \u00a1Por dios, Sophie Turner! \u00a1Sal de ah\u00ed en cuanto puedas!\u00a0 Y encima revientan la carta F\u00e9nix &#8216;porque me sale de los gitanales&#8217;.\u00a0 Y ale, asunto resuelto.<\/p>\n<h3>2. Bryan Singer quiere un descanso<\/h3>\n<p>Y todo el mundo sabe lo que pasa si \u00abdescansas\u00bb.\u00a0 \u00bfY qu\u00e9 narices tiene que ver?\u00a0 Pues que a tenor de lo visto en la misma Fox se han dado cuenta que ya no cuela.\u00a0 Que <strong>el Singer de las X-Men originales se fue para no volver m\u00e1s<\/strong>.<\/p>\n<p>Pero es que no solo es Singer quien podr\u00eda abandonar la franquicia.\u00a0 <strong>Hugh Jackman<\/strong> ya confirm\u00f3 en su Instagram que hac\u00eda <strong>una m\u00e1s y basta<\/strong>.\u00a0 Y Jennifer Lawrence ya no est\u00e1 para gaitas ahora que empieza a ser una superstar <a href=\"http:\/\/www.slashfilm.com\/jennifer-lawrence-leaving-x-men\/\" target=\"_blank\">va dando una de cal y una de arena.<\/a><\/p>\n<blockquote class=\"instagram-media\" style=\"background: #FFF; border: 0; border-radius: 3px; box-shadow: 0 0 1px 0 rgba(0,0,0,0.5),0 1px 10px 0 rgba(0,0,0,0.15); margin: 1px; max-width: 658px; padding: 0; width: calc(100% - 2px);\" data-instgrm-captioned=\"\" data-instgrm-version=\"7\">\n<div style=\"padding: 8px;\">\n<div style=\"background: #F8F8F8; line-height: 0; margin-top: 40px; padding: 50% 0; text-align: center; width: 100%;\"><\/div>\n<p><a style=\"color: #000; font-family: Arial,sans-serif; font-size: 14px; font-style: normal; font-weight: normal; line-height: 17px; text-decoration: none; word-wrap: break-word;\" href=\"https:\/\/www.instagram.com\/p\/0x7TKcihJw\/\" target=\"_blank\">WOLVERINE &#8230;ONE LAST TIME. HJ<\/a><\/p>\n<p>Una foto publicada por Hugh Jackman (@thehughjackman) el <time style=\"font-family: Arial,sans-serif; font-size: 14px; line-height: 17px;\" datetime=\"2015-03-28T17:40:28+00:00\">28 de Mar de 2015 a la(s) 10:40 PDT<\/time>\n<\/div>\n<\/blockquote>\n<p><script src=\"\/\/platform.instagram.com\/en_US\/embeds.js\" async=\"\" defer=\"defer\"><\/script><\/p>\n<p>Total que en Fox son conscientes que sin Lobezno, sin Singer, con una franquicia en estado tambaleante&#8230; <strong>puede ser una bomba que les estalle en la cara<\/strong> como pas\u00f3 con sus <em>Fantastic Four<\/em> o como le pas\u00f3 a Sony con <em>Amazing Spider-Man<\/em>.\u00a0 Ahora mismo la \u00fanica baza 100% fresca, original y buena que tienen es <em>Deadpool<\/em>.<\/p>\n<h3>3. Los Cuatro Fant\u00e1sticos necesitan un &#8216;reboot&#8217;<\/h3>\n<p>\u00bfQu\u00e9 os voy a contar de <em>Fantastic Four?\u00a0 <\/em>\u00bfY de la secuela con Silver Surfer? \u00bfY del \u00faltimo reboot solo apta para ninis? Sinceramente no s\u00e9 qu\u00e9 narices se pensaban que pasar\u00eda con esta franquicia.\u00a0 <em>Fantastic Four<\/em> ha sufrido el s\u00edndrome <em>Amazing Spider-Man<\/em> pero a lo bruto.\u00a0 <strong>Personajes completamente desdibujados y desconectados<\/strong> con sus alter-egos del papel.\u00a0 Para hacer eso mejor le hubieran cambiado el t\u00edtulo e igual hubieran recibido menos cr\u00edticas.\u00a0 En fin.\u00a0 Si los X-Men se est\u00e1n convirtiendo en una patata caliente <strong>los Fantastic Four son ya una patata carbonizada<\/strong> que ni Jonny Storm con su llama Nova.\u00a0 Sin embargo los 4F a\u00fan tienen nombre y potencial y se podr\u00edan usar como moneda en un hipot\u00e9tico trato Fox\/Marvel. \u00bfQui\u00e9n no ha so\u00f1ado en su d\u00eda con un gran evento FF + Avengers?<\/p>\n<h3>4. <em>Inhumans<\/em> ha ca\u00eddo del calendario de Marvel<\/h3>\n<p>Hemos hablado del estado algo cochambroso de los h\u00e9roes de Fox, pero&#8230; \u00bfqu\u00e9 pasa con Marvel? Pues en Marvel hay <strong>movimientos extra\u00f1os<\/strong> como por ejemplo el de <a href=\"http:\/\/www.slashfilm.com\/inhumans-release-date\/\" target=\"_blank\">la salida de <em>Inhumans<\/em> del calendario oficial<\/a>.\u00a0 Originalmente estaba planeada para Noviembre de 2018 y se comentaba que se vio afectada tanto por la entrada de <em>Spider-Man: Homecoming<\/em> como por el posible enfrentamiento con la quinta entrega de Indiana Jones.<\/p>\n<p>Honestamente, todas esas excusas no son m\u00e1s que chorradas que<strong> se pueden solucionar con un reposicionamiento en el calendario<\/strong>.\u00a0 Precisamente eso es lo que hicieron al entrar tanto Spidey como <em>Ant-Man and the Wasp<\/em>\u00a0 en el calendario oficial de pel\u00edculas Marvel.<em>\u00a0 Inhumans<\/em> fue recolocada al 12 de julio de 2019 y arreglado.\u00a0 Pero no.\u00a0 Simplemente la pel\u00edcula cae con excusas vagas, poco cre\u00edbles y adem\u00e1s liberan la noticia un viernes cuando todo el mundo sabe que es el d\u00eda que menos rebomborio va a tener.<\/p>\n<p>Da la casualidad que los <em>Inhumans<\/em> era la <strong>apuesta personal de Marvel<\/strong> para llenar el hueco de los X-Men.\u00a0 Eran sus mutantes de repuesto.\u00a0 Y esto se ha podido ver tanto en las colecciones de c\u00f3mics donde han ido ganando importancia a medida que <strong>los X-Men eran defenestrados en su ghetto particular<\/strong>, como en el MCU donde iban a contar con pel\u00edcula propia.\u00a0 As\u00ed que esta ca\u00edda del calendario parece un &#8216;standby&#8217; para ver c\u00f3mo se desarrolla el futuro.\u00a0 Si en Marvel se ve la posibilidad de introducir los mutantes &#8216;de verdad&#8217; no habr\u00eda ninguna necesidad de relanzar los Inhumanos con lo cual cobrar\u00eda sentido la decisi\u00f3n de quitar el estreno de su calendario.<\/p>\n<p>Oficialmente la pel\u00edcula est\u00e1 a\u00fan en la lista de proyectos, pero sin fecha ni director ni gui\u00f3n ni elenco.\u00a0 Vamos, que <strong>est\u00e1 pero no est\u00e1<\/strong>.<\/p>\n<div id=\"attachment_3262\" style=\"width: 830px\" class=\"wp-caption aligncenter\"><a href=\"http:\/\/www.enezeta.com\/zapateces\/wp-content\/uploads\/2016\/09\/inhumans1.jpg\"><img aria-describedby=\"caption-attachment-3262\" loading=\"lazy\" class=\"size-large wp-image-3262\" src=\"http:\/\/www.enezeta.com\/zapateces\/wp-content\/uploads\/2016\/09\/inhumans1-1024x576.jpg\" alt=\"Cr\u00e9ditos: Marvel\" width=\"820\" height=\"461\" srcset=\"https:\/\/www.enezeta.com\/zapateces\/wp-content\/uploads\/2016\/09\/inhumans1-1024x576.jpg 1024w, https:\/\/www.enezeta.com\/zapateces\/wp-content\/uploads\/2016\/09\/inhumans1-300x169.jpg 300w, https:\/\/www.enezeta.com\/zapateces\/wp-content\/uploads\/2016\/09\/inhumans1-768x432.jpg 768w, https:\/\/www.enezeta.com\/zapateces\/wp-content\/uploads\/2016\/09\/inhumans1-180x101.jpg 180w, https:\/\/www.enezeta.com\/zapateces\/wp-content\/uploads\/2016\/09\/inhumans1-360x203.jpg 360w, https:\/\/www.enezeta.com\/zapateces\/wp-content\/uploads\/2016\/09\/inhumans1-790x444.jpg 790w, https:\/\/www.enezeta.com\/zapateces\/wp-content\/uploads\/2016\/09\/inhumans1-1095x616.jpg 1095w, https:\/\/www.enezeta.com\/zapateces\/wp-content\/uploads\/2016\/09\/inhumans1.jpg 1280w\" sizes=\"(max-width: 820px) 100vw, 820px\" \/><\/a><p id=\"caption-attachment-3262\" class=\"wp-caption-text\">Cr\u00e9ditos: Marvel<\/p><\/div>\n<h3>5.<em> Avengers: Infinity Wars part II<\/em> es ahora <em>Avengers 4<\/em><\/h3>\n<p>Hace cosa de un mes Marvel anunciaba un <strong>cambio en el t\u00edtulo<\/strong> de las dos pel\u00edculas que supondr\u00edan el fin de la fase 3.\u00a0 La primera parte de las guerras del infinito se llamar\u00eda simplemente <em>Avengers: Infinity War<\/em> y la segunda tendr\u00eda un t\u00edtulo a determinar.\u00a0 <a href=\"http:\/\/www.cinemablend.com\/news\/1547620\/why-avengers-4-isnt-going-to-be-called-infinity-war-part-2-anymore\" target=\"_blank\">Interpelado Joe Russo<\/a> (codirector de la pel\u00edcula junto a su hermano Anthony) dec\u00eda lo siguiente.<\/p>\n<blockquote><p>Quer\u00edamos que la pel\u00edcula fuera muy diferente y distintiva. Ciertamente hay interacci\u00f3n entre personajes y arcos argumentales pero la primera pel\u00edcula es claramente Infinity War y con el tiempo revelaremos de qu\u00e9 va la segunda pel\u00edcula. <small><cite title=\"Joe Russo: Director\">Joe Russo: Director<\/cite><\/small><\/p><\/blockquote>\n<p>\u00bfY cu\u00e1ndo sabremos c\u00f3mo se titula la segunda pel\u00edcula? Pues seg\u00fan Russo, \u00abNo se sabr\u00e1 hasta pasado un tiempo\u00bb.\u00a0 Algo as\u00ed como \u00abcuando nos salga del higo\u00bb.<\/p>\n<p>A nadie se le escapa que un cambio tan dr\u00e1stico como el de pasar de hacer dos partes de una trama a dos pel\u00edculas diferentes ha de obedecer a una <strong>informaci\u00f3n gorda que a\u00fan est\u00e1 por confirmar<\/strong>.\u00a0 \u00bfPodr\u00eda ser la inclusi\u00f3n de alguno de los personajes de Fox? \u00bfTendremos trama <em>Avengers vs. X-Men<\/em>\u00a0 en vez de <em>Nos petamos a Thanos parte II<\/em>?<\/p>\n<h3>6. La rumorolog\u00eda se dispara y ha habido encuentros&#8230;<\/h3>\n<p>No hay m\u00e1s que hacer una peque\u00f1a b\u00fasqueda por la Red y veremos un mont\u00f3n de art\u00edculos con lo mismo.\u00a0 Rumores, charlas, supuestos encuentros, supuestas aproximaciones&#8230;\u00a0 Y es normal.\u00a0 Juntar a &#8216;los h\u00e9roes m\u00e1s poderosos de la Tierra&#8217; junto al grupo &#8216;imposible&#8217; de mutantes har\u00eda explotar Hollywood en una nube de plasma orgi\u00e1tico y nos obligar\u00eda a recoger los cachitos de lycra desperdigados en 200km. a la redonda durante unos diez a\u00f1os.\u00a0 Es algo que <strong>a la gente le gustar\u00eda<\/strong>, que generar\u00eda un <em>hype<\/em> comparable a que nos dijeran que baja la luz.<\/p>\n<p><strong>Que Marvel y Fox han contactado parece un hecho<\/strong>.\u00a0 Tienen proyectos en com\u00fan e incluso se ha previsto una serie de TV de Mutantes.\u00a0 Hasta d\u00f3nde han llegado esas conversaciones es lo que no est\u00e1 claro porque hasta ahora a Fox le val\u00eda con c\u00f3mo le iba X-Men y la sorpresa de Deadpool pero <strong>las cosas podr\u00edan haber cambiado<\/strong> desde que se desencaden\u00f3 el Apocalipsis de la \u00faltima pel\u00edcula.\u00a0 Y solo hace falta que el productor del Podcast de nada menos que Kevin Smith diga esto:<\/p>\n<blockquote><p>He escuchado de algunas de mis fuentes, mis pajaritos, que Fox y Marvel han&#8230; como que han hablado. No en serio pero como que hay interes de Fox, como &#8216;Oohh, lo que hicisteis con Sony y Spider-Man mola mucho, como, quiz\u00e1&#8230;&#8217; Estamos a a\u00f1os luz de que algo as\u00ed suceda.. pero creo que es lo que har\u00eda falta&#8230; Fox trabajando con Marvel&#8230; <small><cite title=\"Matt Key: Productor del Podcast de Kevin Smith 'Fatman On Batman'\">Matt Key: Productor del Podcast de Kevin Smith 'Fatman On Batman'<\/cite><\/small><\/p><\/blockquote>\n<p>Muy claro, \u00bfno? \ud83d\ude00<\/p>\n<h3>7. La reuni\u00f3n lo petar\u00eda<\/h3>\n<div id=\"attachment_3268\" style=\"width: 310px\" class=\"wp-caption alignleft\"><a href=\"http:\/\/www.enezeta.com\/zapateces\/wp-content\/uploads\/2016\/09\/xmen90-b1.jpg\"><img aria-describedby=\"caption-attachment-3268\" loading=\"lazy\" class=\"wp-image-3268 size-medium\" src=\"http:\/\/www.enezeta.com\/zapateces\/wp-content\/uploads\/2016\/09\/xmen90-b1-300x186.jpg\" alt=\"Cr\u00e9ditos: Marvel Comics Group\" width=\"300\" height=\"186\" srcset=\"https:\/\/www.enezeta.com\/zapateces\/wp-content\/uploads\/2016\/09\/xmen90-b1-300x186.jpg 300w, https:\/\/www.enezeta.com\/zapateces\/wp-content\/uploads\/2016\/09\/xmen90-b1-180x112.jpg 180w, https:\/\/www.enezeta.com\/zapateces\/wp-content\/uploads\/2016\/09\/xmen90-b1-360x224.jpg 360w, https:\/\/www.enezeta.com\/zapateces\/wp-content\/uploads\/2016\/09\/xmen90-b1.jpg 576w\" sizes=\"(max-width: 300px) 100vw, 300px\" \/><\/a><p id=\"caption-attachment-3268\" class=\"wp-caption-text\">Cr\u00e9ditos: Marvel Comics Group<\/p><\/div>\n<p>Una coalici\u00f3n Fox\/Marvel <strong>ser\u00eda un\u00a0 Win-Win<\/strong> para ambos de la misma manera que ya lo est\u00e1 notando Sony.\u00a0 Est\u00e1 claro que la ineptitud e incompetencia de Fox con los 4F les ha hecho abandonar la francicia indefinidamente.\u00a0 Quiz\u00e1 ser\u00eda <strong>un buen comienzo<\/strong> empezar a trabajar con ellos para ver si la cosa funciona y posteriormente a\u00f1adir los X-Men al MCU.<\/p>\n<p>No s\u00e9 si sois muy conscientes de lo que significar\u00eda un acuerdo entre estos dos.\u00a0 <strong>No se trata solamente de la inclusi\u00f3n de los 4F e X-Men<\/strong> al cat\u00e1logo de la MCU si no de todo lo que les rodea.\u00a0 Se tratar\u00eda de ver a los <strong>Skrulls<\/strong> repartiendo sopas con ondas.\u00a0 De Silver Surfer, Nova, Terrax, los Shi&#8217;ar&#8230; <strong>\u00a1Galactus!<\/strong>\u00a0 \u00bfQu\u00e9 no dar\u00edais por ver c\u00f3mo se zampa el mundo-trono para luego dirigirse inexorablemente a la Tierra?\u00a0 \u00bfQu\u00e9 tal una saga de <strong>F\u00e9nix oscura<\/strong> pero BIEN contada? \u00bfY un <strong>Inferno<\/strong>? Y ya puestos, \u00bfQu\u00e9 tal unas <strong>Secret Wars<\/strong>?<\/p>\n<div class=\"signoff\"><span class=\"icon theme-icon-gauge\"><\/span><p>\u00bfTe gust\u00f3 el art\u00edculo? Nos gustar\u00eda saber lo que piensas en los comentarios de abajo. \u00a1Ah! Y no te olvides de compartir en Facebook, Twitter o G+ y de dejarte caer por aqu\u00ed m\u00e1s veces, \u00a1Que ya te echamos de menos! \ud83d\ude42<\/p>\n<\/div>\n","protected":false},"excerpt":{"rendered":"<p>Amigos comiqueros.\u00a0 Hoy es un d\u00eda en el que me siento plet\u00f3rico de fuerzas para especular; eso que tanto nos gusta con los tel\u00e9fonos.\u00a0 Pero es que ayer me pas\u00f3 algo&#8230; vi el Blu-Ray de X-Men: Apocalypse.\u00a0 Una peli que a\u00fan no hab\u00eda visto porque las referencias que me llegaban no eran muy buenas.\u00a0 Y [&hellip;]<\/p>\n","protected":false},"author":2,"featured_media":3257,"comment_status":"open","ping_status":"open","sticky":false,"template":"","format":"standard","meta":[],"categories":[13,12],"tags":[494,529,495,532,530,531],"_links":{"self":[{"href":"https:\/\/www.enezeta.com\/zapateces\/wp-json\/wp\/v2\/posts\/3256"}],"collection":[{"href":"https:\/\/www.enezeta.com\/zapateces\/wp-json\/wp\/v2\/posts"}],"about":[{"href":"https:\/\/www.enezeta.com\/zapateces\/wp-json\/wp\/v2\/types\/post"}],"author":[{"embeddable":true,"href":"https:\/\/www.enezeta.com\/zapateces\/wp-json\/wp\/v2\/users\/2"}],"replies":[{"embeddable":true,"href":"https:\/\/www.enezeta.com\/zapateces\/wp-json\/wp\/v2\/comments?post=3256"}],"version-history":[{"count":12,"href":"https:\/\/www.enezeta.com\/zapateces\/wp-json\/wp\/v2\/posts\/3256\/revisions"}],"predecessor-version":[{"id":3271,"href":"https:\/\/www.enezeta.com\/zapateces\/wp-json\/wp\/v2\/posts\/3256\/revisions\/3271"}],"wp:featuredmedia":[{"embeddable":true,"href":"https:\/\/www.enezeta.com\/zapateces\/wp-json\/wp\/v2\/media\/3257"}],"wp:attachment":[{"href":"https:\/\/www.enezeta.com\/zapateces\/wp-json\/wp\/v2\/media?parent=3256"}],"wp:term":[{"taxonomy":"category","embeddable":true,"href":"https:\/\/www.enezeta.com\/zapateces\/wp-json\/wp\/v2\/categories?post=3256"},{"taxonomy":"post_tag","embeddable":true,"href":"https:\/\/www.enezeta.com\/zapateces\/wp-json\/wp\/v2\/tags?post=3256"}],"curies":[{"name":"wp","href":"https:\/\/api.w.org\/{rel}","templated":true}]}}