{"id":891,"date":"2011-09-06T10:58:32","date_gmt":"2011-09-06T08:58:32","guid":{"rendered":"http:\/\/www.enezeta.com\/zapateces\/?p=891"},"modified":"2011-10-17T13:15:13","modified_gmt":"2011-10-17T11:15:13","slug":"resumen-ifa-2011-tablets-y-smartphones-por-doquier","status":"publish","type":"post","link":"https:\/\/www.enezeta.com\/zapateces\/2011\/resumen-ifa-2011-tablets-y-smartphones-por-doquier\/","title":{"rendered":"Resumen IFA 2011. Tablets y Smartphones por Doquier."},"content":{"rendered":"<p>\u00abEsto es impresionante. Deber\u00edas estar aqu\u00ed, seguro que te gustar\u00eda. La l\u00e1stima es que no hay nada de Apple. Nos vemos\u00bb Este fue el contenido del sms que la <em>Doro<\/em> me envi\u00f3 el \u00faltimo fin de semana. Sabor agridulce me dej\u00f3 la torda esta&#8230; Por un lado encantado que se acordara de m\u00ed pero por el otro, \u00bfa qu\u00e9 viene lo de Apple? \u00a1Dita sea mi estampa! Por los cuernos de Belceb\u00fa que esta chica me deja fuera de juego cada dos por tres. Ahora me sale con lo de que <em>no hay nada de Apple<\/em>. \u00bfDe d\u00f3nde saca todas esas malas influencias? Lo malo es que no es la primera vez que me saca el tema. Preocupante&#8230;<\/p>\n<p>Y mientras elucubraba y me com\u00eda el tarro como ese padre que se pregunta si en su familia hay antecedentes <a href=\"http:\/\/www.enezeta.com\/zapateces\/images\/mandingo.jpg\">mandingos<\/a>, llegu\u00e9 a la conclusi\u00f3n que salir de dudas costar\u00eda poco ya que <strong>el IFA se termina<\/strong> y esperaba quedar pronto con la <em>Doro<\/em>.<\/p>\n<p>Mientras tanto ten\u00eda trabajo que hacer. Durante estos \u00faltimos d\u00edas hemos estado bombardeados por los medios acerca de todo lo que se coc\u00eda en el certamen y <strong>llega la hora de poner un poco de orden<\/strong>. As\u00ed que a modo de tener todo de modo sint\u00e9tico vamos a hacer un resumen de los han sido los mejores estrenos de la feria. Tomad <strong>las especificaciones como orientativas<\/strong>, ya que al tratarse la mayor\u00eda de prototipos a veces faltan caracter\u00edsticas y a veces las caracter\u00edsticas se cambian en el \u00faltimo momento.<\/p>\n<h2>Sony Tablet S<\/h2>\n<p>Una preciosidad de Tablet con unas curvas solo comparables a la de mi amada <em>Doro<\/em>. Sony ha sido de las \u00faltimas en llegar a un mercado copado por iPads y Galaxy Tabs as\u00ed que <strong>no le ha quedado m\u00e1s remedio que distinguirse del resto<\/strong> y a fe que lo ha hecho muy muy bien.<\/p>\n<p><a href=\"http:\/\/www.enezeta.com\/zapateces\/wp-content\/uploads\/2011\/09\/tablet-s.png\"><img loading=\"lazy\" class=\"alignleft size-medium wp-image-895\" title=\"tablet-s\" src=\"http:\/\/www.enezeta.com\/zapateces\/wp-content\/uploads\/2011\/09\/tablet-s-300x209.png\" alt=\"\" width=\"300\" height=\"209\" srcset=\"https:\/\/www.enezeta.com\/zapateces\/wp-content\/uploads\/2011\/09\/tablet-s-300x209.png 300w, https:\/\/www.enezeta.com\/zapateces\/wp-content\/uploads\/2011\/09\/tablet-s-180x125.png 180w, https:\/\/www.enezeta.com\/zapateces\/wp-content\/uploads\/2011\/09\/tablet-s.png 494w\" sizes=\"(max-width: 300px) 100vw, 300px\" \/><\/a><\/p>\n<p>[fancylist]<\/p>\n<ul>\n<li>Pantalla: 9.4&#8243; IPS<\/li>\n<li>Resoluci\u00f3n: 1280\u00d7800<\/li>\n<li>Procesador: Tegra 2 1Ghz doble n\u00facleo<\/li>\n<li>Memoria interna: 16GB<\/li>\n<li>RAM: 1GB<\/li>\n<li>S.O. Android 3.1 actualizable a 3.2<\/li>\n<li>C\u00e1mara frontal: VGA 0.3 mp<\/li>\n<li>C\u00e1mara principal: 5.1 mp<\/li>\n<li>Otros: minijack 3.5mm, puerto miniUSB, slot tarjetas SD, certificaci\u00f3n PSP\/PSOne<\/li>\n<\/ul>\n<p>[\/fancylist]<\/p>\n<h2>Sony Tablet P<\/h2>\n<p><strong>Apuesta arriesgada<\/strong> de Sony con esta especie de Sandwich que <strong>no convence<\/strong> por su poca practicidad. Demasiado grueso como para ser c\u00f3modo llevarlo en los tejanos y <strong>una pantalla doble que requiere programaci\u00f3n espec\u00edfica<\/strong> en las aplicaciones para ser usada. Es de agradecer sin embargo que Sony haga este tipo de lanzamientos que quiz\u00e1 sirva de base en el futuro para otro tipo de conceptos.<br \/>\n<a href=\"http:\/\/www.enezeta.com\/zapateces\/wp-content\/uploads\/2011\/09\/tablet-p.png\"><img loading=\"lazy\" class=\"alignleft size-medium wp-image-896\" style=\"margin-bottom: 50px;\" title=\"tablet-p\" src=\"http:\/\/www.enezeta.com\/zapateces\/wp-content\/uploads\/2011\/09\/tablet-p-300x209.png\" alt=\"\" width=\"300\" height=\"209\" srcset=\"https:\/\/www.enezeta.com\/zapateces\/wp-content\/uploads\/2011\/09\/tablet-p-300x209.png 300w, https:\/\/www.enezeta.com\/zapateces\/wp-content\/uploads\/2011\/09\/tablet-p-180x125.png 180w, https:\/\/www.enezeta.com\/zapateces\/wp-content\/uploads\/2011\/09\/tablet-p.png 494w\" sizes=\"(max-width: 300px) 100vw, 300px\" \/><\/a><\/p>\n<p>[fancylist]<\/p>\n<ul>\n<li>Pantalla: 5.5&#8243; doble LED<\/li>\n<li>Resoluci\u00f3n: 1024&#215;480<\/li>\n<li>Procesador: Tegra 2 1Ghz doble n\u00facleo<\/li>\n<li>Memoria interna: 6GB<\/li>\n<li>RAM: 512MB<\/li>\n<li>S.O. Android 3.1 actualizable a 3.2<\/li>\n<li>C\u00e1mara frontal: VGA 0.3 mp<\/li>\n<li>C\u00e1mara principal: 5.1 mp<\/li>\n<li>Conectividad: LTE 4G<\/li>\n<li>Otros: minijack 3.5mm, puerto miniUSB, slot tarjetas SD, certificaci\u00f3n PSP\/PSOne<\/li>\n<\/ul>\n<p>[\/fancylist]<br \/>\n&nbsp;<\/p>\n<h2>Samsung Galaxy S II Epic 4G Touch<\/h2>\n<p>Una nueva criatura de la familia Galaxy que <strong>no deja de ser un S II supervitaminado<\/strong> con la pantalla m\u00e1s grande, procesadores m\u00e1s potentes y conectividad LTE 4G.<br \/>\n<a href=\"http:\/\/www.enezeta.com\/zapateces\/wp-content\/uploads\/2011\/09\/Samsung-Galaxy-SII-Epic-4G-Touch.jpg\"><img loading=\"lazy\" class=\"alignleft size-medium wp-image-917\" style=\"margin-left: 50px; margin-right: 90px;\" title=\"Samsung-Galaxy-SII-Epic-4G-Touch\" src=\"http:\/\/www.enezeta.com\/zapateces\/wp-content\/uploads\/2011\/09\/Samsung-Galaxy-SII-Epic-4G-Touch-173x300.jpg\" alt=\"\" width=\"173\" height=\"300\" \/><\/a><br \/>\n&nbsp;<\/p>\n<p>[fancylist]<\/p>\n<ul>\n<li>Pantalla: 4.52&#8243; Super AMOLED<\/li>\n<li>Resoluci\u00f3n: 1280\u00d7800<\/li>\n<li>Procesador: 1.2Ghz Exynos doble n\u00facleo<\/li>\n<li>Memoria interna: 16GB<\/li>\n<li>RAM: 1GB<\/li>\n<li>S.O. Android 2.3<\/li>\n<li>C\u00e1mara frontal: VGA 2 mp<\/li>\n<li>C\u00e1mara principal: 8 mp flash LED<\/li>\n<li>Conectividad: LTE 4G\/WiMax\/WiFi\/Bluetooth 3.0<\/li>\n<li>Otros: 9.59mm grosor,<\/li>\n<\/ul>\n<p>[\/fancylist]<br \/>\n&nbsp;<\/p>\n<h2>Samsung Galaxy Note<\/h2>\n<p>Se\u00f1ores, b\u00fasquense la <a href=\"http:\/\/apuntesauxiliarenfermeria.blogspot.com\/2010\/09\/colocacion-de-una-cuna-en-paciente-que_18.html\" target=\"_blank\">cu\u00f1a<\/a> o el orinal m\u00e1s cercano porque <strong>estamos ante la <em>vedette<\/em> del IFA<\/strong>. Un h\u00edbrido entre smartphone y tablet que <strong>apuesta por encontrar el tama\u00f1o perfecto<\/strong> para sustituir a los dos en un solo dispositivo. A\u00f1\u00e1dase un <strong>stylus de precisi\u00f3n<\/strong> y funcionalidades varias para aprovecharlo y tenemos como resultado un producto que enamora. Si tendr\u00e1 \u00e9xito o no est\u00e1 por ver, pero cualidades no le faltan.<br \/>\n<a href=\"http:\/\/www.enezeta.com\/zapateces\/wp-content\/uploads\/2011\/09\/GALAXY-Note.jpg\"><img loading=\"lazy\" class=\"alignleft size-medium wp-image-911\" title=\"GALAXY-Note\" src=\"http:\/\/www.enezeta.com\/zapateces\/wp-content\/uploads\/2011\/09\/GALAXY-Note-300x300.jpg\" alt=\"\" width=\"300\" height=\"300\" srcset=\"https:\/\/www.enezeta.com\/zapateces\/wp-content\/uploads\/2011\/09\/GALAXY-Note-300x300.jpg 300w, https:\/\/www.enezeta.com\/zapateces\/wp-content\/uploads\/2011\/09\/GALAXY-Note-150x150.jpg 150w, https:\/\/www.enezeta.com\/zapateces\/wp-content\/uploads\/2011\/09\/GALAXY-Note-1024x1024.jpg 1024w, https:\/\/www.enezeta.com\/zapateces\/wp-content\/uploads\/2011\/09\/GALAXY-Note-160x160.jpg 160w, https:\/\/www.enezeta.com\/zapateces\/wp-content\/uploads\/2011\/09\/GALAXY-Note-80x80.jpg 80w, https:\/\/www.enezeta.com\/zapateces\/wp-content\/uploads\/2011\/09\/GALAXY-Note-200x200.jpg 200w, https:\/\/www.enezeta.com\/zapateces\/wp-content\/uploads\/2011\/09\/GALAXY-Note-602x602.jpg 602w, https:\/\/www.enezeta.com\/zapateces\/wp-content\/uploads\/2011\/09\/GALAXY-Note-180x180.jpg 180w, https:\/\/www.enezeta.com\/zapateces\/wp-content\/uploads\/2011\/09\/GALAXY-Note-120x120.jpg 120w\" sizes=\"(max-width: 300px) 100vw, 300px\" \/><\/a><\/p>\n<p>[fancylist]<\/p>\n<ul>\n<li>Pantalla: 5.5&#8243; Super AMOLED<\/li>\n<li>Resoluci\u00f3n: 1280\u00d7800 285ppp<\/li>\n<li>Procesador: 1.4Ghz doble n\u00facleo<\/li>\n<li>Memoria interna: 6GB<\/li>\n<li>RAM: 1GB<\/li>\n<li>S.O. Android 2.3<\/li>\n<li>C\u00e1mara frontal: VGA 2 mp<\/li>\n<li>C\u00e1mara principal: 8 mp flash LED<\/li>\n<li>Conectividad: LTE 4G\/HSPA+\/WiFi\/Bluetooth 3.0<\/li>\n<li>Otros: minijack 3.5mm, slot microSD, slot microUSB, GPS,<\/li>\n<\/ul>\n<p>[\/fancylist]<br \/>\n&nbsp;<\/p>\n<h2>Samsung Galaxy Tab 7.7<\/h2>\n<p>Otro protagonista del IFA pero por otras cuestiones ajenas al producto. Debido a l<a title=\"Guerra abierta entre Apple y Samsung por el dominio del universo (m\u00f3bil)\" href=\"http:\/\/www.enezeta.com\/zapateces\/2011\/guerra-entre-apple-samsung-patentes-mobil\/\" target=\"_blank\">a guerra que mantienen Apple y Samsung<\/a> <strong>se prohibi\u00f3 su exposici\u00f3n<\/strong> a la feria e incluso enviaron a la bofia para cerciorarse que quitaban hasta la \u00faltima pegatina del stand de Samsung. Una pena ya que estamos seguramente ante el tablet m\u00e1s adecuado por su tama\u00f1o y el que sin duda har\u00e1 m\u00e1s pupa.<br \/>\n<a href=\"http:\/\/www.enezeta.com\/zapateces\/wp-content\/uploads\/2011\/09\/GALAXYTab7-7.jpg\"><img loading=\"lazy\" class=\"alignleft size-medium wp-image-914\" title=\"GALAXYTab7-7\" src=\"http:\/\/www.enezeta.com\/zapateces\/wp-content\/uploads\/2011\/09\/GALAXYTab7-7-300x300.jpg\" alt=\"\" width=\"300\" height=\"300\" srcset=\"https:\/\/www.enezeta.com\/zapateces\/wp-content\/uploads\/2011\/09\/GALAXYTab7-7-300x300.jpg 300w, https:\/\/www.enezeta.com\/zapateces\/wp-content\/uploads\/2011\/09\/GALAXYTab7-7-150x150.jpg 150w, https:\/\/www.enezeta.com\/zapateces\/wp-content\/uploads\/2011\/09\/GALAXYTab7-7-160x160.jpg 160w, https:\/\/www.enezeta.com\/zapateces\/wp-content\/uploads\/2011\/09\/GALAXYTab7-7-80x80.jpg 80w, https:\/\/www.enezeta.com\/zapateces\/wp-content\/uploads\/2011\/09\/GALAXYTab7-7-200x200.jpg 200w, https:\/\/www.enezeta.com\/zapateces\/wp-content\/uploads\/2011\/09\/GALAXYTab7-7-180x180.jpg 180w, https:\/\/www.enezeta.com\/zapateces\/wp-content\/uploads\/2011\/09\/GALAXYTab7-7-120x120.jpg 120w, https:\/\/www.enezeta.com\/zapateces\/wp-content\/uploads\/2011\/09\/GALAXYTab7-7.jpg 540w\" sizes=\"(max-width: 300px) 100vw, 300px\" \/><\/a><\/p>\n<p>[fancylist]<\/p>\n<ul>\n<li>Pantalla: 7.7&#8243; Super AMOLED Plus<\/li>\n<li>Resoluci\u00f3n: 1280\u00d7800<\/li>\n<li>Procesador: 1.4Ghz doble n\u00facleo<\/li>\n<li>Memoria interna: 16GB\/32GB\/64GB<\/li>\n<li>RAM: 1GB<\/li>\n<li>S.O. Android 3.2<\/li>\n<li>C\u00e1mara frontal: VGA 2 mp<\/li>\n<li>C\u00e1mara principal: 3 mp flash LED<\/li>\n<li>Conectividad: HSPA+\/WiFi\/Bluetooth 3.0<\/li>\n<li>Otros: Bater\u00eda 5.100mAh, slot microSD, conector microUSB, GPS<\/li>\n<\/ul>\n<p>[\/fancylist]<br \/>\n&nbsp;<\/p>\n<h2>Samsung Galaxy Tab 8.9 LTE<\/h2>\n<p><strong>Actualizaci\u00f3n<\/strong> de la edici\u00f3n Galaxy Tab de 8.9&#8243; a la que han dotado de procesadores m\u00e1s potentes, la \u00faltima versi\u00f3n de Android (3.2 Honeycomb) y conectividad LTE 4G.<br \/>\n<a href=\"http:\/\/www.enezeta.com\/zapateces\/wp-content\/uploads\/2011\/09\/samsung-galaxy-tab-8-9.jpg\"><img loading=\"lazy\" class=\"alignleft size-medium wp-image-1038\" title=\"samsung-galaxy-tab-8-9\" src=\"http:\/\/www.enezeta.com\/zapateces\/wp-content\/uploads\/2011\/09\/samsung-galaxy-tab-8-9-300x223.jpg\" alt=\"\" width=\"300\" height=\"223\" srcset=\"https:\/\/www.enezeta.com\/zapateces\/wp-content\/uploads\/2011\/09\/samsung-galaxy-tab-8-9-300x223.jpg 300w, https:\/\/www.enezeta.com\/zapateces\/wp-content\/uploads\/2011\/09\/samsung-galaxy-tab-8-9-180x134.jpg 180w, https:\/\/www.enezeta.com\/zapateces\/wp-content\/uploads\/2011\/09\/samsung-galaxy-tab-8-9.jpg 600w\" sizes=\"(max-width: 300px) 100vw, 300px\" \/><\/a><\/p>\n<p>[fancylist]<\/p>\n<ul>\n<li>Pantalla: 8.9&#8243; Super AMOLED<\/li>\n<li>Resoluci\u00f3n: 1280\u00d7800<\/li>\n<li>Procesador: 1.5Ghz doble n\u00facleo<\/li>\n<li>Memoria interna: 16\/32GB<\/li>\n<li>RAM:1GB<\/li>\n<li>S.O. Android 3.2<\/li>\n<li>C\u00e1mara frontal: 3 mp flash LED<\/li>\n<li>C\u00e1mara principal: 2 mp<\/li>\n<li>Conectividad: HSPA+\/LTE 4G\/Bluetooth 3.0\/WiFi<\/li>\n<li>Otros: slot microSD, GPS<\/li>\n<\/ul>\n<p>[\/fancylist]<\/p>\n<h2>Primeros Ultrabooks<\/h2>\n<p>Acer Aspire S3, Toshiba Z830 y Lenovo U300S son las <strong>primeras apuestas<\/strong> de la iniciativa impulsada por Intel. Sobre el papel <strong>tienen todos caracter\u00edsticas parecidas<\/strong> en hardware diferenci\u00e1ndose en conectividad y diferentes extras. Es una propuesta que de no cumplirse la pretensi\u00f3n de Intel de venderlos con un techo de 1000$ <strong>no valdr\u00e1 la pena frente a un port\u00e1til convencional<\/strong> al que se le podr\u00e1 sacar m\u00e1s jugo a un precio m\u00e1s moderado. Para pijer\u00edas ya est\u00e1 el Apple MacBook Air.<\/p>\n<p style=\"text-align: center;\"><div class=\"one_third\">\n<a href=\"http:\/\/www.enezeta.com\/zapateces\/wp-content\/uploads\/2011\/09\/ToshibaPortege-Z830.jpg\" rel=\"lightbox[ultrabook]\" ><img loading=\"lazy\" class=\"alignleft size-thumbnail wp-image-1064\" title=\"ToshibaPortege-Z830\" src=\"http:\/\/www.enezeta.com\/zapateces\/wp-content\/uploads\/2011\/09\/ToshibaPortege-Z830-150x150.jpg\" alt=\"\" width=\"90\" height=\"90\" srcset=\"https:\/\/www.enezeta.com\/zapateces\/wp-content\/uploads\/2011\/09\/ToshibaPortege-Z830-150x150.jpg 150w, https:\/\/www.enezeta.com\/zapateces\/wp-content\/uploads\/2011\/09\/ToshibaPortege-Z830-160x160.jpg 160w, https:\/\/www.enezeta.com\/zapateces\/wp-content\/uploads\/2011\/09\/ToshibaPortege-Z830-80x80.jpg 80w, https:\/\/www.enezeta.com\/zapateces\/wp-content\/uploads\/2011\/09\/ToshibaPortege-Z830-200x200.jpg 200w, https:\/\/www.enezeta.com\/zapateces\/wp-content\/uploads\/2011\/09\/ToshibaPortege-Z830-120x120.jpg 120w\" sizes=\"(max-width: 90px) 100vw, 90px\" \/><\/a><br \/>\n<a href=\"http:\/\/www.enezeta.com\/zapateces\/wp-content\/uploads\/2011\/09\/Lenovo-IdeaPad-U300s_3.jpg\" rel=\"lightbox[ultrabook]\" ><img loading=\"lazy\" class=\"aligncenter size-thumbnail wp-image-1046\" title=\"Lenovo-IdeaPad-U300s_3\" src=\"http:\/\/www.enezeta.com\/zapateces\/wp-content\/uploads\/2011\/09\/Lenovo-IdeaPad-U300s_3-150x150.jpg\" alt=\"\" width=\"90\" height=\"90\" srcset=\"https:\/\/www.enezeta.com\/zapateces\/wp-content\/uploads\/2011\/09\/Lenovo-IdeaPad-U300s_3-150x150.jpg 150w, https:\/\/www.enezeta.com\/zapateces\/wp-content\/uploads\/2011\/09\/Lenovo-IdeaPad-U300s_3-160x160.jpg 160w, https:\/\/www.enezeta.com\/zapateces\/wp-content\/uploads\/2011\/09\/Lenovo-IdeaPad-U300s_3-80x80.jpg 80w, https:\/\/www.enezeta.com\/zapateces\/wp-content\/uploads\/2011\/09\/Lenovo-IdeaPad-U300s_3-200x200.jpg 200w, https:\/\/www.enezeta.com\/zapateces\/wp-content\/uploads\/2011\/09\/Lenovo-IdeaPad-U300s_3-120x120.jpg 120w\" sizes=\"(max-width: 90px) 100vw, 90px\" \/><\/a><br \/>\n<a href=\"http:\/\/www.enezeta.com\/zapateces\/wp-content\/uploads\/2011\/09\/acer-aspire-s3.jpg\" rel=\"lightbox[ultrabook]\" ><img loading=\"lazy\" class=\"aligncenter size-thumbnail wp-image-1045\" title=\"acer-aspire-s3\" src=\"http:\/\/www.enezeta.com\/zapateces\/wp-content\/uploads\/2011\/09\/acer-aspire-s3-150x150.jpg\" alt=\"\" width=\"90\" height=\"90\" srcset=\"https:\/\/www.enezeta.com\/zapateces\/wp-content\/uploads\/2011\/09\/acer-aspire-s3-150x150.jpg 150w, https:\/\/www.enezeta.com\/zapateces\/wp-content\/uploads\/2011\/09\/acer-aspire-s3-160x160.jpg 160w, https:\/\/www.enezeta.com\/zapateces\/wp-content\/uploads\/2011\/09\/acer-aspire-s3-80x80.jpg 80w, https:\/\/www.enezeta.com\/zapateces\/wp-content\/uploads\/2011\/09\/acer-aspire-s3-200x200.jpg 200w, https:\/\/www.enezeta.com\/zapateces\/wp-content\/uploads\/2011\/09\/acer-aspire-s3-120x120.jpg 120w\" sizes=\"(max-width: 90px) 100vw, 90px\" \/><\/a><\/div><\/p>\n<div class=\"two_third last\">\n[fancylist]<\/p>\n<ul>\n<li>Pantalla 13.6&#8243;<\/li>\n<li>Procesadores Intel Core i3, i5 o i7 Sandy Bridge<\/li>\n<li>Hasta 6GB RAM<\/li>\n<li>Gr\u00e1fica integrada Intel GMA HD3000<\/li>\n<li>Almacenamiento SSD de 128GB (256GB en el Lenovo)<\/li>\n<li>Puertos USB 2.0 (2), USB 3.0 (1), VGA (1), HDMI (1) <\/li>\n<li>Webcam<\/li>\n<li>Ethernet<\/li>\n<li>WiFi<\/li>\n<\/ul>\n<p>[\/fancylist]<br \/>\n<\/div><div class=\"clearboth\"><\/div>\n<p>Y hasta aqu\u00ed lo m\u00e1s importante que ha dado de s\u00ed el IFA de este a\u00f1o.  No ha estado nada, nada mal.  Pero qu\u00ed no se para.  <strong>A la vuelta de la esquina tenemos ya el IBC<\/strong> con las novedades en videoc\u00e1maras y c\u00e1maras fotogr\u00e1ficas del cual daremos cumplida cuenta.<\/p>\n<div class=\"signoff none\"><p>\u00bfTe gust\u00f3 el art\u00edculo? Nos gustar\u00eda saber lo que piensas en los comentarios de abajo. \u00a1Ah! Y no te olvides de compartir en Facebook, Twitter o G+ y de dejarte caer por aqu\u00ed m\u00e1s veces, \u00a1Que ya te echamos de menos! \ud83d\ude42<\/p>\n<\/div>\n","protected":false},"excerpt":{"rendered":"<p>\u00abEsto es impresionante. Deber\u00edas estar aqu\u00ed, seguro que te gustar\u00eda. La l\u00e1stima es que no hay nada de Apple. Nos vemos\u00bb Este fue el contenido del sms que la Doro me envi\u00f3 el \u00faltimo fin de semana. Sabor agridulce me dej\u00f3 la torda esta&#8230; Por un lado encantado que se acordara de m\u00ed pero por [&hellip;]<\/p>\n","protected":false},"author":2,"featured_media":894,"comment_status":"open","ping_status":"open","sticky":false,"template":"","format":"standard","meta":[],"categories":[7],"tags":[285,284,157,244],"_links":{"self":[{"href":"https:\/\/www.enezeta.com\/zapateces\/wp-json\/wp\/v2\/posts\/891"}],"collection":[{"href":"https:\/\/www.enezeta.com\/zapateces\/wp-json\/wp\/v2\/posts"}],"about":[{"href":"https:\/\/www.enezeta.com\/zapateces\/wp-json\/wp\/v2\/types\/post"}],"author":[{"embeddable":true,"href":"https:\/\/www.enezeta.com\/zapateces\/wp-json\/wp\/v2\/users\/2"}],"replies":[{"embeddable":true,"href":"https:\/\/www.enezeta.com\/zapateces\/wp-json\/wp\/v2\/comments?post=891"}],"version-history":[{"count":0,"href":"https:\/\/www.enezeta.com\/zapateces\/wp-json\/wp\/v2\/posts\/891\/revisions"}],"wp:featuredmedia":[{"embeddable":true,"href":"https:\/\/www.enezeta.com\/zapateces\/wp-json\/wp\/v2\/media\/894"}],"wp:attachment":[{"href":"https:\/\/www.enezeta.com\/zapateces\/wp-json\/wp\/v2\/media?parent=891"}],"wp:term":[{"taxonomy":"category","embeddable":true,"href":"https:\/\/www.enezeta.com\/zapateces\/wp-json\/wp\/v2\/categories?post=891"},{"taxonomy":"post_tag","embeddable":true,"href":"https:\/\/www.enezeta.com\/zapateces\/wp-json\/wp\/v2\/tags?post=891"}],"curies":[{"name":"wp","href":"https:\/\/api.w.org\/{rel}","templated":true}]}}